{"id":369,"date":"2019-01-05T14:01:55","date_gmt":"2019-01-05T13:01:55","guid":{"rendered":"http:\/\/mehdiklein.com\/tw\/?p=369"},"modified":"2019-01-05T14:01:55","modified_gmt":"2019-01-05T13:01:55","slug":"la-cour-du-roi-31-07-15-et-01-08-15","status":"publish","type":"post","link":"https:\/\/trustwonder.com\/de\/2019\/01\/05\/la-cour-du-roi-31-07-15-et-01-08-15\/","title":{"rendered":"LA COUR DU ROI \u2013 31\/07\/15 ET 01\/08\/15"},"content":{"rendered":"\n<h3><\/h3>\n\n\n\n<p>Ce week-end ambitieux a \u00e9t\u00e9 consacr\u00e9 exclusivement \u00e0 la noblesse de l\u2019Ancien Temps. Nous avons investis trois lieux de caract\u00e8re : la chapelle romane Sainte Marguerite \u00e0 Epfig, m\u00e9tamorphos\u00e9e en salle du tr\u00f4ne ; l\u2019abbatiale Saints Pierre et Paul de Wissembourg et ses majestueuses arcades, pour l\u2019intronisation des roi et reine d\u2019Edahlion et film\u00e9e notamment \u00e0 la grue ; et enfin l\u2019\u00e9glise protestante de Hunspach, avec Arkahl\u00e2n pleurant le deuil de sa bien-aim\u00e9e. Outre les riches tenues rapport\u00e9es par certains des figurants, nous nous sommes fournis en costumes par divers moyens (achat, pr\u00eat, location et m\u00eame confection sur mesure pour la robe de la reine) ; une coiffeuse professionnelle s\u2019est par ailleurs occup\u00e9e des parures de ces dames. Beaucoup d\u2019organisation derri\u00e8re ces trois tournages, ajout\u00e9e \u00e0 une mise en sc\u00e8ne particuli\u00e8rement minutieuse sur le site d\u2019Epfig.<\/p>\n","protected":false},"excerpt":{"rendered":"<p>Ce week-end ambitieux a \u00e9t\u00e9 consacr\u00e9 exclusivement \u00e0 la noblesse de l\u2019Ancien Temps. Nous avons investis trois lieux de caract\u00e8re : la chapelle romane Sainte Marguerite \u00e0 Epfig, m\u00e9tamorphos\u00e9e en salle du tr\u00f4ne ; l\u2019abbatiale Saints Pierre et Paul de Wissembourg et ses majestueuses arcades, pour l\u2019intronisation des roi et reine d\u2019Edahlion et film\u00e9e notamment&hellip; <br \/> <a class=\"read-more\" href=\"https:\/\/trustwonder.com\/de\/2019\/01\/05\/la-cour-du-roi-31-07-15-et-01-08-15\/\">Weiterlesen<\/a><\/p>\n","protected":false},"author":1,"featured_media":371,"comment_status":"open","ping_status":"open","sticky":false,"template":"","format":"standard","meta":[],"categories":[1],"tags":[],"jetpack_featured_media_url":"https:\/\/trustwonder.com\/wp-content\/uploads\/2019\/05\/4.jpg","_links":{"self":[{"href":"https:\/\/trustwonder.com\/de\/wp-json\/wp\/v2\/posts\/369"}],"collection":[{"href":"https:\/\/trustwonder.com\/de\/wp-json\/wp\/v2\/posts"}],"about":[{"href":"https:\/\/trustwonder.com\/de\/wp-json\/wp\/v2\/types\/post"}],"author":[{"embeddable":true,"href":"https:\/\/trustwonder.com\/de\/wp-json\/wp\/v2\/users\/1"}],"replies":[{"embeddable":true,"href":"https:\/\/trustwonder.com\/de\/wp-json\/wp\/v2\/comments?post=369"}],"version-history":[{"count":0,"href":"https:\/\/trustwonder.com\/de\/wp-json\/wp\/v2\/posts\/369\/revisions"}],"wp:featuredmedia":[{"embeddable":true,"href":"https:\/\/trustwonder.com\/de\/wp-json\/wp\/v2\/media\/371"}],"wp:attachment":[{"href":"https:\/\/trustwonder.com\/de\/wp-json\/wp\/v2\/media?parent=369"}],"wp:term":[{"taxonomy":"category","embeddable":true,"href":"https:\/\/trustwonder.com\/de\/wp-json\/wp\/v2\/categories?post=369"},{"taxonomy":"post_tag","embeddable":true,"href":"https:\/\/trustwonder.com\/de\/wp-json\/wp\/v2\/tags?post=369"}],"curies":[{"name":"wp","href":"https:\/\/api.w.org\/{rel}","templated":true}]}}